{"id":49697,"date":"2025-07-24T12:18:47","date_gmt":"2025-07-24T17:18:47","guid":{"rendered":"https:\/\/tourismhr.ca\/enquete-sur-la-population-active-apercu-de-juin-2025\/"},"modified":"2025-08-12T16:28:31","modified_gmt":"2025-08-12T21:28:31","slug":"enquete-sur-la-population-active-apercu-de-juin-2025","status":"publish","type":"post","link":"https:\/\/tourismhr.ca\/fr\/enquete-sur-la-population-active-apercu-de-juin-2025\/","title":{"rendered":"Enqu\u00eate sur la population active : aper\u00e7u de juin 2025"},"content":{"rendered":"\n<h2 class=\"wp-block-heading\">La dynamique se poursuit dans l&#8217;emploi touristique.<\/h2>\n\n\n\n<p>Malgr\u00e9 les vents contraires de l&rsquo;\u00e9conomie et l&rsquo;incertitude commerciale, la demande touristique int\u00e9rieure est rest\u00e9e forte en juin, permettant au march\u00e9 du travail touristique<a href=\"#_ftn1\" name=\"_ftnref1\"><sup>[1]<\/sup><\/a> de maintenir son \u00e9lan amorc\u00e9 en mai. La main-d\u2019\u0153uvre et l&#8217;emploi dans le secteur touristique ont augment\u00e9 par rapport \u00e0 mai, tandis que le ch\u00f4mage a l\u00e9g\u00e8rement diminu\u00e9<a href=\"#_ftn2\" name=\"_ftnref2\"><sup>[2]<\/sup><\/a> . Ces tendances refl\u00e8tent les variations d&rsquo;une ann\u00e9e \u00e0 l&rsquo;autre par rapport \u00e0 juin 2024 et, dans une moindre mesure, par rapport \u00e0 juin 2019.<\/p>\n\n\n\n<figure class=\"wp-block-table\"><table class=\"has-background has-fixed-layout\" style=\"background-color:#d6d2c4\"><tbody><tr><td class=\"has-text-align-left\" data-align=\"left\"><strong>Main-d&rsquo;\u0153uvre touristique<\/strong><\/td><td class=\"has-text-align-right\" data-align=\"right\"><strong>Juin 2025<\/strong><\/td><td class=\"has-text-align-right\" data-align=\"right\"><strong>2 317 900<\/strong><\/td><\/tr><tr><td class=\"has-text-align-left\" data-align=\"left\" rowspan=\"2\"><em>Nombre de personnes occup\u00e9es ou sans emploi (\u00e0 la recherche active d&rsquo;un emploi depuis moins d&rsquo;un an)<\/em><\/td><td class=\"has-text-align-right\" data-align=\"right\">Mois dernier<\/td><td class=\"has-text-align-right\" data-align=\"right\">2 272 200<\/td><\/tr><tr><td class=\"has-text-align-right\" data-align=\"right\">L&rsquo;ann\u00e9e derni\u00e8re<\/td><td class=\"has-text-align-right\" data-align=\"right\">2 286 700<\/td><\/tr><\/tbody><\/table><\/figure>\n\n\n\n<figure class=\"wp-block-table\"><table class=\"has-background has-fixed-layout\" style=\"background-color:#d6d2c4\"><tbody><tr><td class=\"has-text-align-left\" data-align=\"left\"><strong>Emploi dans le secteur du tourisme<\/strong><\/td><td class=\"has-text-align-right\" data-align=\"right\"><strong>Juin 2025<\/strong><\/td><td class=\"has-text-align-right\" data-align=\"right\"><strong>2 197 400<\/strong><\/td><\/tr><tr><td class=\"has-text-align-left\" data-align=\"left\" rowspan=\"2\"><em>Nombre de personnes occupant un emploi<\/em><\/td><td class=\"has-text-align-right\" data-align=\"right\">Mois dernier<\/td><td class=\"has-text-align-right\" data-align=\"right\">2 138 200<\/td><\/tr><tr><td class=\"has-text-align-right\" data-align=\"right\">L&rsquo;ann\u00e9e derni\u00e8re<\/td><td class=\"has-text-align-right\" data-align=\"right\">2 145 100<\/td><\/tr><\/tbody><\/table><\/figure>\n\n\n\n<p>En ce qui concerne les secteurs associ\u00e9s, la plupart des secteurs ont enregistr\u00e9 des gains par rapport \u00e0 mai, avec une plus grande variabilit\u00e9 sur des p\u00e9riodes plus longues. Bien que le secteur dans son ensemble ait d\u00e9pass\u00e9 les niveaux pr\u00e9pand\u00e9miques, cet agr\u00e9gat masque des diff\u00e9rences substantielles pour les secteurs associ\u00e9s.<\/p>\n\n\n\n<p>Le tableau 1 pr\u00e9sente un aper\u00e7u du rendement de chaque secteur associ\u00e9 en ce qui concerne la main-d\u2019\u0153uvre, l&#8217;emploi et le ch\u00f4mage, par rapport \u00e0 mai 2025 [variation mensuelle], juin 2024 [variation annuelle] et juin 2019 comme r\u00e9f\u00e9rence pr\u00e9pand\u00e9mique. Les petites fl\u00e8ches repr\u00e9sentent des variations de moins de 1 % (ou d&rsquo;un point de pourcentage, dans le cas du ch\u00f4mage).\u2003<\/p>\n\n\n\n<figure class=\"wp-block-image size-full\"><img fetchpriority=\"high\" decoding=\"async\" width=\"1204\" height=\"485\" src=\"https:\/\/tourismhr.ca\/wp-content\/uploads\/2025\/07\/2025-juin_EPA_Tableau1.jpg\" alt=\"\" class=\"wp-image-49700\" srcset=\"https:\/\/tourismhr.ca\/wp-content\/uploads\/2025\/07\/2025-juin_EPA_Tableau1.jpg 1204w, https:\/\/tourismhr.ca\/wp-content\/uploads\/2025\/07\/2025-juin_EPA_Tableau1-300x121.jpg 300w, https:\/\/tourismhr.ca\/wp-content\/uploads\/2025\/07\/2025-juin_EPA_Tableau1-1024x412.jpg 1024w, https:\/\/tourismhr.ca\/wp-content\/uploads\/2025\/07\/2025-juin_EPA_Tableau1-768x309.jpg 768w\" sizes=\"(max-width: 1204px) 100vw, 1204px\" \/><\/figure>\n\n\n\n<p>Le secteur a g\u00e9n\u00e9ralement enregistr\u00e9 des gains \u00e0 partir de mai, ce qui correspond aux tendances saisonni\u00e8res observ\u00e9es dans le pass\u00e9. La plupart des secteurs associ\u00e9s \u00e9taient en meilleure posture qu&rsquo;\u00e0 la m\u00eame p\u00e9riode l&rsquo;an dernier, bien que la restauration et le transport aient tous deux perdu du terrain sur le plan de la main-d\u2019\u0153uvre et de l&#8217;emploi. Les gains nets enregistr\u00e9s dans l&rsquo;ensemble du secteur depuis 2019 sont enti\u00e8rement attribuables \u00e0 la tr\u00e8s forte performance des loisirs et divertissements et du transport, o\u00f9 la croissance a compens\u00e9 les pertes subies dans d&rsquo;autres secteurs. <\/p>\n\n\n\n<p>Les services de voyage demeurent une variable impr\u00e9visible dans les donn\u00e9es de l&rsquo;Enqu\u00eate sur la population active (EPA), en raison de leur taille relativement modeste par rapport \u00e0 l&rsquo;ensemble du secteur touristique et de la fa\u00e7on dont l&rsquo;EPA \u00e9chantillonne la population. Le pr\u00e9sent rapport inclut les chiffres d\u00e9clar\u00e9s pour ce groupe de secteurs associ\u00e9s, mais les lecteurs doivent interpr\u00e9ter avec prudence les variations importantes \u00e0 court terme.<\/p>\n\n\n\n<h2 class=\"wp-block-heading\">Secteur du tourisme<\/h2>\n\n\n\n<p>Le secteur a enregistr\u00e9 45 000 nouvelles inscriptions dans la main-d\u2019\u0153uvre (+ 2 %) et pr\u00e8s de 60 000 embauches (+ 3 %), portant le nombre total d&#8217;emplois \u00e0 un peu moins de 2,2 millions (voir le tableau 2). Tant en termes de main-d\u2019\u0153uvre que d&#8217;emploi, le tourisme a d\u00e9pass\u00e9 les niveaux de 2024 et 2019.<\/p>\n\n\n\n<figure class=\"wp-block-image size-full\"><img decoding=\"async\" width=\"1246\" height=\"426\" src=\"https:\/\/tourismhr.ca\/wp-content\/uploads\/2025\/07\/2025-juin_EPA_Tableau2_.jpg\" alt=\"\" class=\"wp-image-49705\" srcset=\"https:\/\/tourismhr.ca\/wp-content\/uploads\/2025\/07\/2025-juin_EPA_Tableau2_.jpg 1246w, https:\/\/tourismhr.ca\/wp-content\/uploads\/2025\/07\/2025-juin_EPA_Tableau2_-300x103.jpg 300w, https:\/\/tourismhr.ca\/wp-content\/uploads\/2025\/07\/2025-juin_EPA_Tableau2_-1024x350.jpg 1024w, https:\/\/tourismhr.ca\/wp-content\/uploads\/2025\/07\/2025-juin_EPA_Tableau2_-768x263.jpg 768w\" sizes=\"(max-width: 1246px) 100vw, 1246px\" \/><\/figure>\n\n\n\n<p>Le taux de ch\u00f4mage dans le secteur du tourisme s&rsquo;\u00e9tablissait \u00e0 5,2 %, soit environ 1,3 point de pourcentage de moins que la moyenne nationale pour l&rsquo;ensemble de l&rsquo;\u00e9conomie (6,5 %, calcul\u00e9e \u00e0 partir de donn\u00e9es non d\u00e9saisonnalis\u00e9es).<\/p>\n\n\n\n<p>En juin, le secteur touristique repr\u00e9sentait environ 10 % de la main-d\u2019\u0153uvre canadienne et 10 % de l&#8217;emploi (tableau 3), et 9,6 % de la main-d\u2019\u0153uvre totale du Canada \u00e9tait employ\u00e9e dans un secteur associ\u00e9 au tourisme. <\/p>\n\n\n\n<figure class=\"wp-block-image size-full\"><img decoding=\"async\" width=\"1242\" height=\"413\" src=\"https:\/\/tourismhr.ca\/wp-content\/uploads\/2025\/07\/2025-juin_EPA_Tableau3.jpg\" alt=\"\" class=\"wp-image-49707\" srcset=\"https:\/\/tourismhr.ca\/wp-content\/uploads\/2025\/07\/2025-juin_EPA_Tableau3.jpg 1242w, https:\/\/tourismhr.ca\/wp-content\/uploads\/2025\/07\/2025-juin_EPA_Tableau3-300x100.jpg 300w, https:\/\/tourismhr.ca\/wp-content\/uploads\/2025\/07\/2025-juin_EPA_Tableau3-1024x341.jpg 1024w, https:\/\/tourismhr.ca\/wp-content\/uploads\/2025\/07\/2025-juin_EPA_Tableau3-768x255.jpg 768w\" sizes=\"(max-width: 1242px) 100vw, 1242px\" \/><\/figure>\n\n\n\n<h3 class=\"wp-block-heading\">Emploi \u00e0 temps partiel et \u00e0 temps plein<\/h3>\n\n\n\n<p>La part de l&#8217;emploi \u00e0 temps partiel dans le tourisme fournit une perspective utile sur la stabilit\u00e9 de la main-d&rsquo;\u0153uvre touristique. De mai \u00e0 juin de cette ann\u00e9e, on a observ\u00e9 une l\u00e9g\u00e8re baisse globale du travail \u00e0 temps partiel (figure 1), qui refl\u00e8te probablement le passage de certains travailleurs \u00e0 temps partiel \u00e0 des emplois \u00e0 temps plein, ainsi que l&#8217;embauche de nouveaux travailleurs \u00e0 temps plein alors que le tourisme entrait dans sa p\u00e9riode estivale de forte activit\u00e9.<\/p>\n\n\n\n<p>Ce passage global \u00e0 des emplois \u00e0 temps plein est le r\u00e9sultat net d&rsquo;une \u00e9volution dans le m\u00eame sens dans les secteurs de l&rsquo;h\u00e9bergement, des loisirs et divertissements et des services de voyage, compens\u00e9e par une augmentation du travail \u00e0 temps partiel dans les transports et la restauration. Depuis juin 2019, on observe une tendance g\u00e9n\u00e9rale \u00e0 l&rsquo;augmentation du travail \u00e0 temps partiel, sauf dans les secteurs de l&rsquo;h\u00e9bergement et des services de voyage, qui ont tous deux enregistr\u00e9 une baisse du travail \u00e0 temps partiel (nettement plus importante dans l&rsquo;h\u00e9bergement que dans les services de voyage).<\/p>\n\n\n\n<figure class=\"wp-block-image size-full\"><img loading=\"lazy\" decoding=\"async\" width=\"1120\" height=\"603\" src=\"https:\/\/tourismhr.ca\/wp-content\/uploads\/2025\/07\/2025-juin_EPA_Figure1.jpg\" alt=\"\" class=\"wp-image-49709\" srcset=\"https:\/\/tourismhr.ca\/wp-content\/uploads\/2025\/07\/2025-juin_EPA_Figure1.jpg 1120w, https:\/\/tourismhr.ca\/wp-content\/uploads\/2025\/07\/2025-juin_EPA_Figure1-300x162.jpg 300w, https:\/\/tourismhr.ca\/wp-content\/uploads\/2025\/07\/2025-juin_EPA_Figure1-1024x551.jpg 1024w, https:\/\/tourismhr.ca\/wp-content\/uploads\/2025\/07\/2025-juin_EPA_Figure1-768x413.jpg 768w\" sizes=\"(max-width: 1120px) 100vw, 1120px\" \/><\/figure>\n\n\n\n<h3 class=\"wp-block-heading\">Heures travaill\u00e9es<\/h3>\n\n\n\n<p>Un autre indicateur utile pour \u00e9valuer la stabilit\u00e9 de la main-d&rsquo;\u0153uvre touristique consiste \u00e0 examiner le nombre total d&rsquo;heures travaill\u00e9es, car cet indice est plus sensible aux variations \u00e0 court terme de la demande que les chiffres bruts de l&#8217;emploi. Lorsque la demande des clients augmente, il est plus rapide et plus facile pour les employeurs d&rsquo;augmenter les heures de travail de leur personnel existant que d&rsquo;augmenter leurs effectifs ; les variations \u00e0 plus long terme de la demande auront une incidence sur les effectifs, mais seulement lorsque les exploitants seront convaincus que les conditions persisteront.<\/p>\n\n\n\n<p>La figure 2 donne un aper\u00e7u des heures travaill\u00e9es dans le secteur du tourisme en juin 2025, en mai 2025 et au cours des trois derni\u00e8res ann\u00e9es. La ligne pointill\u00e9e repr\u00e9sente la base de r\u00e9f\u00e9rence pr\u00e9pand\u00e9mique de 2019.<\/p>\n\n\n\n<figure class=\"wp-block-image size-full\"><img loading=\"lazy\" decoding=\"async\" width=\"1141\" height=\"740\" src=\"https:\/\/tourismhr.ca\/wp-content\/uploads\/2025\/07\/2025-juin_EPA_Figure2.jpg\" alt=\"\" class=\"wp-image-49711\" srcset=\"https:\/\/tourismhr.ca\/wp-content\/uploads\/2025\/07\/2025-juin_EPA_Figure2.jpg 1141w, https:\/\/tourismhr.ca\/wp-content\/uploads\/2025\/07\/2025-juin_EPA_Figure2-300x195.jpg 300w, https:\/\/tourismhr.ca\/wp-content\/uploads\/2025\/07\/2025-juin_EPA_Figure2-1024x664.jpg 1024w, https:\/\/tourismhr.ca\/wp-content\/uploads\/2025\/07\/2025-juin_EPA_Figure2-768x498.jpg 768w\" sizes=\"(max-width: 1141px) 100vw, 1141px\" \/><\/figure>\n\n\n\n<p>En juin 2025, le nombre d&rsquo;heures travaill\u00e9es dans le secteur du tourisme a augment\u00e9 par rapport \u00e0 mai (+4,3 %), une hausse l\u00e9g\u00e8rement sup\u00e9rieure \u00e0 celle de l&#8217;emploi (voir tableau 2 ci-dessus), ce qui explique l&rsquo;augmentation du travail \u00e0 temps plein (figure 1). Une augmentation a \u00e9galement \u00e9t\u00e9 observ\u00e9e par rapport \u00e0 l&rsquo;ann\u00e9e derni\u00e8re, poursuivant la tendance g\u00e9n\u00e9rale de croissance d&rsquo;une ann\u00e9e sur l&rsquo;autre, bien que le chiffre de juin 2025 reste inf\u00e9rieur d&rsquo;environ 4 % \u00e0 celui de 2019.<\/p>\n\n\n\n<p>Si l&rsquo;on examine les donn\u00e9es par secteur associ\u00e9 (figure 3, qui couvre les donn\u00e9es annuelles de juin depuis 2019), la plupart des secteurs ont enregistr\u00e9 une augmentation du nombre d&rsquo;heures travaill\u00e9es par rapport \u00e0 2024. Seul le secteur associ\u00e9 des transports a d\u00e9pass\u00e9 les niveaux de 2019 (+1,4 %), bien que cela repr\u00e9sente \u00e9galement une baisse par rapport \u00e0 l&rsquo;ann\u00e9e derni\u00e8re. Le groupe d\u2019industrie du transport comprend les travailleurs des transports urbains, les chauffeurs d&rsquo;autobus scolaires et les chauffeurs de covoiturage (qui travaillent \u00e0 leur compte), de sorte que ce chiffre peut \u00eatre particuli\u00e8rement d\u00e9pendant de facteurs sociaux externes et sensible \u00e0 une variation saisonni\u00e8re l\u00e9g\u00e8rement diff\u00e9rente de celle de certains autres secteurs. <\/p>\n\n\n\n<figure class=\"wp-block-image size-full\"><img loading=\"lazy\" decoding=\"async\" width=\"1092\" height=\"723\" src=\"https:\/\/tourismhr.ca\/wp-content\/uploads\/2025\/07\/2025-juin_EPA_Figure3.jpg\" alt=\"\" class=\"wp-image-49713\" srcset=\"https:\/\/tourismhr.ca\/wp-content\/uploads\/2025\/07\/2025-juin_EPA_Figure3.jpg 1092w, https:\/\/tourismhr.ca\/wp-content\/uploads\/2025\/07\/2025-juin_EPA_Figure3-300x199.jpg 300w, https:\/\/tourismhr.ca\/wp-content\/uploads\/2025\/07\/2025-juin_EPA_Figure3-1024x678.jpg 1024w, https:\/\/tourismhr.ca\/wp-content\/uploads\/2025\/07\/2025-juin_EPA_Figure3-768x508.jpg 768w\" sizes=\"(max-width: 1092px) 100vw, 1092px\" \/><\/figure>\n\n\n\n<h2 class=\"wp-block-heading\">Gros plan sur le secteur associ\u00e9 de l&rsquo;h\u00e9bergement<\/h2>\n\n\n\n<p>Le secteur associ\u00e9 de l&rsquo;h\u00e9bergement a connu une reprise lente apr\u00e8s la pand\u00e9mie, m\u00eame si la situation s&rsquo;est am\u00e9lior\u00e9e ces derniers mois. En juin 2025, pr\u00e8s de 17 000 personnes ont trouv\u00e9 un emploi dans ce secteur, soit une augmentation d&rsquo;environ 10 % par rapport \u00e0 mai 2025 et d&rsquo;environ 15 % par rapport \u00e0 juin 2024 (tableau 4).<\/p>\n\n\n\n<p>Le nombre de ch\u00f4meurs dans ce secteur a \u00e9galement augment\u00e9 par rapport \u00e0 mai, mais cette augmentation \u00e9tait proportionnelle \u00e0 la hausse de la main-d\u2019\u0153uvre, de sorte que le taux de ch\u00f4mage est rest\u00e9 stable \u00e0 7 %. La main-d\u2019\u0153uvre et l&#8217;emploi affichaient tous deux un d\u00e9ficit de 20 000 personnes par rapport au crit\u00e8re de r\u00e9f\u00e9rence de juin 2019.<\/p>\n\n\n\n<figure class=\"wp-block-image size-full\"><img loading=\"lazy\" decoding=\"async\" width=\"1238\" height=\"499\" src=\"https:\/\/tourismhr.ca\/wp-content\/uploads\/2025\/07\/2025-juin_EPA_Tableau4.jpg\" alt=\"\" class=\"wp-image-49715\" srcset=\"https:\/\/tourismhr.ca\/wp-content\/uploads\/2025\/07\/2025-juin_EPA_Tableau4.jpg 1238w, https:\/\/tourismhr.ca\/wp-content\/uploads\/2025\/07\/2025-juin_EPA_Tableau4-300x121.jpg 300w, https:\/\/tourismhr.ca\/wp-content\/uploads\/2025\/07\/2025-juin_EPA_Tableau4-1024x413.jpg 1024w, https:\/\/tourismhr.ca\/wp-content\/uploads\/2025\/07\/2025-juin_EPA_Tableau4-768x310.jpg 768w\" sizes=\"(max-width: 1238px) 100vw, 1238px\" \/><\/figure>\n\n\n\n<h2 class=\"wp-block-heading\">Gros plan sur le secteur associ\u00e9 de la restauration<\/h2>\n\n\n\n<p>Le secteur associ\u00e9 de la restauration \u00e9tait le plus important en termes d&#8217;emploi dans le secteur du tourisme, avec plus d&rsquo;un million de personnes dans sa main-d\u2019\u0153uvre en juin et un peu moins de 975 000 personnes occup\u00e9es (tableau 5). Malgr\u00e9 une l\u00e9g\u00e8re augmentation de la main-d\u2019\u0153uvre et de l&#8217;emploi par rapport \u00e0 mai, le secteur est demeur\u00e9 en de\u00e7\u00e0 des niveaux de l&rsquo;an dernier. En juin, le taux de ch\u00f4mage \u00e9tait inf\u00e9rieur \u00e0 la moyenne des 12 derniers mois, ce qui indique un march\u00e9 du travail g\u00e9n\u00e9ralement serr\u00e9. <\/p>\n\n\n\n<figure class=\"wp-block-image size-full\"><img loading=\"lazy\" decoding=\"async\" width=\"1215\" height=\"497\" src=\"https:\/\/tourismhr.ca\/wp-content\/uploads\/2025\/07\/2025-juin_EPA_Tableau5.jpg\" alt=\"\" class=\"wp-image-49717\" srcset=\"https:\/\/tourismhr.ca\/wp-content\/uploads\/2025\/07\/2025-juin_EPA_Tableau5.jpg 1215w, https:\/\/tourismhr.ca\/wp-content\/uploads\/2025\/07\/2025-juin_EPA_Tableau5-300x123.jpg 300w, https:\/\/tourismhr.ca\/wp-content\/uploads\/2025\/07\/2025-juin_EPA_Tableau5-1024x419.jpg 1024w, https:\/\/tourismhr.ca\/wp-content\/uploads\/2025\/07\/2025-juin_EPA_Tableau5-768x314.jpg 768w\" sizes=\"(max-width: 1215px) 100vw, 1215px\" \/><\/figure>\n\n\n\n<h2 class=\"wp-block-heading\">Gros plan sur le secteur associ\u00e9 des loisirs et divertissements<\/h2>\n\n\n\n<p>Les loisirs et les divertissements ont affich\u00e9 une croissance assez constante au cours de la derni\u00e8re ann\u00e9e, dans les limites des variations saisonni\u00e8res habituelles, et juin 2025 n&rsquo;a pas fait exception. La main-d\u2019\u0153uvre a atteint pr\u00e8s de 700 000 personnes, et plus de 25 000 personnes ont int\u00e9gr\u00e9 le march\u00e9 du travail depuis mai (tableau 6). La croissance par rapport \u00e0 l&rsquo;ann\u00e9e derni\u00e8re a \u00e9t\u00e9 encore plus forte, et l&#8217;emploi dans le secteur a connu une augmentation nette de plus de 75 000 personnes depuis juin 2019. Le taux de ch\u00f4mage en juin \u00e9tait inf\u00e9rieur d&rsquo;environ 1 point de pourcentage \u00e0 celui de mai.<\/p>\n\n\n\n<figure class=\"wp-block-image size-full\"><img loading=\"lazy\" decoding=\"async\" width=\"1206\" height=\"509\" src=\"https:\/\/tourismhr.ca\/wp-content\/uploads\/2025\/07\/2025-juin_EPA_Tableau6.jpg\" alt=\"\" class=\"wp-image-49719\" srcset=\"https:\/\/tourismhr.ca\/wp-content\/uploads\/2025\/07\/2025-juin_EPA_Tableau6.jpg 1206w, https:\/\/tourismhr.ca\/wp-content\/uploads\/2025\/07\/2025-juin_EPA_Tableau6-300x127.jpg 300w, https:\/\/tourismhr.ca\/wp-content\/uploads\/2025\/07\/2025-juin_EPA_Tableau6-1024x432.jpg 1024w, https:\/\/tourismhr.ca\/wp-content\/uploads\/2025\/07\/2025-juin_EPA_Tableau6-768x324.jpg 768w\" sizes=\"(max-width: 1206px) 100vw, 1206px\" \/><\/figure>\n\n\n\n<h2 class=\"wp-block-heading\">Gros plan sur un secteur associ\u00e9 : le transport<\/h2>\n\n\n\n<p>Bien que le transport soit l&rsquo;un des secteurs associ\u00e9s qui a r\u00e9guli\u00e8rement d\u00e9pass\u00e9 les niveaux d&#8217;emploi de 2019 au cours de la derni\u00e8re ann\u00e9e, le mois de juin s&rsquo;est av\u00e9r\u00e9 difficile. La main-d\u2019\u0153uvre a diminu\u00e9 de 2,7 % par rapport \u00e0 mai, et l&#8217;emploi a \u00e9galement recul\u00e9 de 1,6 % (tableau 7); les deux indices sont \u00e9galement rest\u00e9s inf\u00e9rieurs aux niveaux de juin 2024. Le nombre de personnes ayant quitt\u00e9 la main-d\u2019\u0153uvre a d\u00e9pass\u00e9 celui des personnes ayant perdu leur emploi, ce qui a fait baisser le taux de ch\u00f4mage \u00e0 1,7 %.<\/p>\n\n\n\n<p>Cette variation peut s&rsquo;expliquer en partie par des facteurs saisonniers, certains exploitants, notamment les chauffeurs, ayant repris du travail dans d&rsquo;autres secteurs \u00e0 la fin de l&rsquo;ann\u00e9e scolaire. La baisse par rapport \u00e0 l&rsquo;ann\u00e9e derni\u00e8re sugg\u00e8re toutefois qu&rsquo;un ph\u00e9nom\u00e8ne plus structurel pourrait \u00eatre \u00e0 l&rsquo;\u0153uvre, m\u00eame s&rsquo;il faudra attendre quelques donn\u00e9es suppl\u00e9mentaires pour avoir une id\u00e9e plus pr\u00e9cise de l&rsquo;\u00e9volution des tendances sur le march\u00e9 du travail.<\/p>\n\n\n\n<figure class=\"wp-block-image size-full\"><img loading=\"lazy\" decoding=\"async\" width=\"1209\" height=\"507\" src=\"https:\/\/tourismhr.ca\/wp-content\/uploads\/2025\/07\/2025-juin_EPA_Tableau7.jpg\" alt=\"\" class=\"wp-image-49721\" srcset=\"https:\/\/tourismhr.ca\/wp-content\/uploads\/2025\/07\/2025-juin_EPA_Tableau7.jpg 1209w, https:\/\/tourismhr.ca\/wp-content\/uploads\/2025\/07\/2025-juin_EPA_Tableau7-300x126.jpg 300w, https:\/\/tourismhr.ca\/wp-content\/uploads\/2025\/07\/2025-juin_EPA_Tableau7-1024x429.jpg 1024w, https:\/\/tourismhr.ca\/wp-content\/uploads\/2025\/07\/2025-juin_EPA_Tableau7-768x322.jpg 768w\" sizes=\"(max-width: 1209px) 100vw, 1209px\" \/><\/figure>\n\n\n\n<h2 class=\"wp-block-heading\">Gros plan sur le secteur associ\u00e9 des services de voyage<\/h2>\n\n\n\n<p>Comme nous l&rsquo;avons d\u00e9j\u00e0 mentionn\u00e9, les donn\u00e9es sur les services de voyage ne sont pas toujours fiables. Elles sont sujettes \u00e0 la suppression de donn\u00e9es par Statistique Canada, et les m\u00e9thodes d&rsquo;\u00e9chantillonnage utilis\u00e9es dans l&rsquo;EPA peuvent fausser l&rsquo;ampleur de certaines variations lorsque les r\u00e9ponses individuelles sont extrapol\u00e9es pour refl\u00e9ter les tendances au niveau de la population. Lorsque les tendances sont plus coh\u00e9rentes, comme dans le cas de la diminution globale de l&#8217;emploi dans le secteur par rapport aux niveaux pr\u00e9pand\u00e9miques, nous pouvons avoir davantage confiance dans les donn\u00e9es.<\/p>\n\n\n\n<p>Le secteur est rest\u00e9 pratiquement inchang\u00e9 par rapport au mois dernier (tableau 8) et semble avoir connu une croissance au cours de l&rsquo;ann\u00e9e derni\u00e8re, bien que l&rsquo;\u00e9chantillon soit trop petit pour que ces chiffres soient fiables. L&#8217;emploi et la main-d\u2019\u0153uvre sont rest\u00e9s inf\u00e9rieurs d&rsquo;environ 36 % aux niveaux de 2019.<\/p>\n\n\n\n<figure class=\"wp-block-image size-full\"><img loading=\"lazy\" decoding=\"async\" width=\"1207\" height=\"493\" src=\"https:\/\/tourismhr.ca\/wp-content\/uploads\/2025\/07\/2025-juin_EPA_Tableau8.jpg\" alt=\"\" class=\"wp-image-49723\" srcset=\"https:\/\/tourismhr.ca\/wp-content\/uploads\/2025\/07\/2025-juin_EPA_Tableau8.jpg 1207w, https:\/\/tourismhr.ca\/wp-content\/uploads\/2025\/07\/2025-juin_EPA_Tableau8-300x123.jpg 300w, https:\/\/tourismhr.ca\/wp-content\/uploads\/2025\/07\/2025-juin_EPA_Tableau8-1024x418.jpg 1024w, https:\/\/tourismhr.ca\/wp-content\/uploads\/2025\/07\/2025-juin_EPA_Tableau8-768x314.jpg 768w\" sizes=\"(max-width: 1207px) 100vw, 1207px\" \/><\/figure>\n\n\n\n<h2 class=\"wp-block-heading\">Perspectives provinciales<\/h2>\n\n\n\n<p>L&rsquo;\u00e9conomie canadienne est marqu\u00e9e par des diff\u00e9rences r\u00e9gionales prononc\u00e9es, et cela est particuli\u00e8rement vrai dans le secteur du tourisme. La figure 4 pr\u00e9sente une comparaison des taux de ch\u00f4mage provinciaux, pour le secteur du tourisme en particulier, et pour l&rsquo;ensemble de la main-d\u2019\u0153uvre (c&rsquo;est-\u00e0-dire tous les secteurs et toutes les industries).<\/p>\n\n\n\n<p>Dans la plupart des provinces, les taux de ch\u00f4mage dans le secteur touristique \u00e9taient inf\u00e9rieurs \u00e0 ceux de l&rsquo;ensemble de la main-d&rsquo;\u0153uvre, sauf au Manitoba, en Nouvelle-\u00c9cosse, \u00e0 l&rsquo;\u00cele-du-Prince-\u00c9douard et \u00e0 Terre-Neuve-et-Labrador. Cette tendance n&rsquo;est pas rare dans la r\u00e9gion de l&rsquo;Atlantique, o\u00f9 la hausse estivale peut commencer un peu plus tard que dans d&rsquo;autres r\u00e9gions. Elle n&rsquo;est toutefois pas particuli\u00e8rement caract\u00e9ristique du Manitoba, et il est probable que les incendies de for\u00eat qui ont ravag\u00e9 une grande partie de la province ont eu des r\u00e9percussions sur l&#8217;emploi dans les entreprises touristiques. En juin, les taux de ch\u00f4mage dans le secteur touristique les plus \u00e9lev\u00e9s au niveau provincial ont \u00e9t\u00e9 enregistr\u00e9s \u00e0 l&rsquo;\u00cele-du-Prince-\u00c9douard (12,4 %) et \u00e0 Terre-Neuve-et-Labrador (10,4 %), tandis que les plus faibles ont \u00e9t\u00e9 observ\u00e9s en Saskatchewan (3,9 %) et en Alberta (4,1 %).<\/p>\n\n\n\n<figure class=\"wp-block-image size-full\"><img loading=\"lazy\" decoding=\"async\" width=\"1161\" height=\"588\" src=\"https:\/\/tourismhr.ca\/wp-content\/uploads\/2025\/07\/2025-juin_EPA_Figure4.jpg\" alt=\"\" class=\"wp-image-49725\" srcset=\"https:\/\/tourismhr.ca\/wp-content\/uploads\/2025\/07\/2025-juin_EPA_Figure4.jpg 1161w, https:\/\/tourismhr.ca\/wp-content\/uploads\/2025\/07\/2025-juin_EPA_Figure4-300x152.jpg 300w, https:\/\/tourismhr.ca\/wp-content\/uploads\/2025\/07\/2025-juin_EPA_Figure4-1024x519.jpg 1024w, https:\/\/tourismhr.ca\/wp-content\/uploads\/2025\/07\/2025-juin_EPA_Figure4-768x389.jpg 768w\" sizes=\"(max-width: 1161px) 100vw, 1161px\" \/><\/figure>\n\n\n\n<h3 class=\"wp-block-heading\">R\u00e9sum\u00e9 provincial pour juin 2025<\/h3>\n\n\n\n<p>Les dix tableaux suivants pr\u00e9sentent les donn\u00e9es de juin 2025 pour les provinces, en mettant l&rsquo;accent sur le tourisme et ses cinq secteurs associ\u00e9s. Des donn\u00e9es comparatives sont fournies pour l&rsquo;ensemble de l&rsquo;\u00e9conomie provinciale, \u00e0 titre de r\u00e9f\u00e9rence. Des estimations non d\u00e9saisonnalis\u00e9es sont fournies pour la main-d&rsquo;\u0153uvre, l&#8217;emploi et les heures travaill\u00e9es, et la derni\u00e8re ligne de chaque tableau indique la part du tourisme dans chacune de ces mesures. La part du travail \u00e0 temps partiel (par opposition au travail \u00e0 temps plein) est fournie, \u00e0 titre d&rsquo;indicateur approximatif de la composition de la main-d&rsquo;\u0153uvre, et les taux de ch\u00f4mage sont \u00e9galement indiqu\u00e9s. <\/p>\n\n\n\n<p>Lorsque les donn\u00e9es n&rsquo;\u00e9taient pas disponibles, car elles avaient \u00e9t\u00e9 supprim\u00e9es par Statistique Canada, la mention \u00ab n\/a \u00bb a \u00e9t\u00e9 inscrite dans le tableau. Les trois territoires ne sont pas inclus dans les publications de l&rsquo;EPA \u00e0 ce niveau de d\u00e9tail, de sorte qu&rsquo;aucune comparaison n&rsquo;est possible entre les territoires et les provinces. Les provinces sont class\u00e9es par ordre alphab\u00e9tique. <\/p>\n\n\n\n<figure class=\"wp-block-image size-full\"><img loading=\"lazy\" decoding=\"async\" width=\"1204\" height=\"589\" src=\"https:\/\/tourismhr.ca\/wp-content\/uploads\/2025\/07\/2025-juin_EPA_AB.jpg\" alt=\"\" class=\"wp-image-49727\" srcset=\"https:\/\/tourismhr.ca\/wp-content\/uploads\/2025\/07\/2025-juin_EPA_AB.jpg 1204w, https:\/\/tourismhr.ca\/wp-content\/uploads\/2025\/07\/2025-juin_EPA_AB-300x147.jpg 300w, https:\/\/tourismhr.ca\/wp-content\/uploads\/2025\/07\/2025-juin_EPA_AB-1024x501.jpg 1024w, https:\/\/tourismhr.ca\/wp-content\/uploads\/2025\/07\/2025-juin_EPA_AB-768x376.jpg 768w\" sizes=\"(max-width: 1204px) 100vw, 1204px\" \/><\/figure>\n\n\n\n<figure class=\"wp-block-image size-full\"><img loading=\"lazy\" decoding=\"async\" width=\"1206\" height=\"594\" src=\"https:\/\/tourismhr.ca\/wp-content\/uploads\/2025\/07\/2025-juin_EPA_CB.jpg\" alt=\"\" class=\"wp-image-49729\" srcset=\"https:\/\/tourismhr.ca\/wp-content\/uploads\/2025\/07\/2025-juin_EPA_CB.jpg 1206w, https:\/\/tourismhr.ca\/wp-content\/uploads\/2025\/07\/2025-juin_EPA_CB-300x148.jpg 300w, https:\/\/tourismhr.ca\/wp-content\/uploads\/2025\/07\/2025-juin_EPA_CB-1024x504.jpg 1024w, https:\/\/tourismhr.ca\/wp-content\/uploads\/2025\/07\/2025-juin_EPA_CB-768x378.jpg 768w\" sizes=\"(max-width: 1206px) 100vw, 1206px\" \/><\/figure>\n\n\n\n<figure class=\"wp-block-image size-full\"><img loading=\"lazy\" decoding=\"async\" width=\"1214\" height=\"598\" src=\"https:\/\/tourismhr.ca\/wp-content\/uploads\/2025\/07\/2025-juin_EPA_IPE.jpg\" alt=\"\" class=\"wp-image-49731\" srcset=\"https:\/\/tourismhr.ca\/wp-content\/uploads\/2025\/07\/2025-juin_EPA_IPE.jpg 1214w, https:\/\/tourismhr.ca\/wp-content\/uploads\/2025\/07\/2025-juin_EPA_IPE-300x148.jpg 300w, https:\/\/tourismhr.ca\/wp-content\/uploads\/2025\/07\/2025-juin_EPA_IPE-1024x504.jpg 1024w, https:\/\/tourismhr.ca\/wp-content\/uploads\/2025\/07\/2025-juin_EPA_IPE-768x378.jpg 768w\" sizes=\"(max-width: 1214px) 100vw, 1214px\" \/><\/figure>\n\n\n\n<figure class=\"wp-block-image size-full\"><img loading=\"lazy\" decoding=\"async\" width=\"1219\" height=\"598\" src=\"https:\/\/tourismhr.ca\/wp-content\/uploads\/2025\/07\/2025-juin_EPA_MB.jpg\" alt=\"\" class=\"wp-image-49733\" srcset=\"https:\/\/tourismhr.ca\/wp-content\/uploads\/2025\/07\/2025-juin_EPA_MB.jpg 1219w, https:\/\/tourismhr.ca\/wp-content\/uploads\/2025\/07\/2025-juin_EPA_MB-300x147.jpg 300w, https:\/\/tourismhr.ca\/wp-content\/uploads\/2025\/07\/2025-juin_EPA_MB-1024x502.jpg 1024w, https:\/\/tourismhr.ca\/wp-content\/uploads\/2025\/07\/2025-juin_EPA_MB-768x377.jpg 768w\" sizes=\"(max-width: 1219px) 100vw, 1219px\" \/><\/figure>\n\n\n\n<figure class=\"wp-block-image size-full\"><img loading=\"lazy\" decoding=\"async\" width=\"1204\" height=\"584\" src=\"https:\/\/tourismhr.ca\/wp-content\/uploads\/2025\/07\/2025-juin_EPA_NB.jpg\" alt=\"\" class=\"wp-image-49735\" srcset=\"https:\/\/tourismhr.ca\/wp-content\/uploads\/2025\/07\/2025-juin_EPA_NB.jpg 1204w, https:\/\/tourismhr.ca\/wp-content\/uploads\/2025\/07\/2025-juin_EPA_NB-300x146.jpg 300w, https:\/\/tourismhr.ca\/wp-content\/uploads\/2025\/07\/2025-juin_EPA_NB-1024x497.jpg 1024w, https:\/\/tourismhr.ca\/wp-content\/uploads\/2025\/07\/2025-juin_EPA_NB-768x373.jpg 768w\" sizes=\"(max-width: 1204px) 100vw, 1204px\" \/><\/figure>\n\n\n\n<figure class=\"wp-block-image size-full\"><img loading=\"lazy\" decoding=\"async\" width=\"1215\" height=\"597\" src=\"https:\/\/tourismhr.ca\/wp-content\/uploads\/2025\/07\/2025-juin_EPA_NE.jpg\" alt=\"\" class=\"wp-image-49737\" srcset=\"https:\/\/tourismhr.ca\/wp-content\/uploads\/2025\/07\/2025-juin_EPA_NE.jpg 1215w, https:\/\/tourismhr.ca\/wp-content\/uploads\/2025\/07\/2025-juin_EPA_NE-300x147.jpg 300w, https:\/\/tourismhr.ca\/wp-content\/uploads\/2025\/07\/2025-juin_EPA_NE-1024x503.jpg 1024w, https:\/\/tourismhr.ca\/wp-content\/uploads\/2025\/07\/2025-juin_EPA_NE-768x377.jpg 768w\" sizes=\"(max-width: 1215px) 100vw, 1215px\" \/><\/figure>\n\n\n\n<figure class=\"wp-block-image size-full\"><img loading=\"lazy\" decoding=\"async\" width=\"1197\" height=\"589\" src=\"https:\/\/tourismhr.ca\/wp-content\/uploads\/2025\/07\/2025-juin_EPA_ON.jpg\" alt=\"\" class=\"wp-image-49739\" srcset=\"https:\/\/tourismhr.ca\/wp-content\/uploads\/2025\/07\/2025-juin_EPA_ON.jpg 1197w, https:\/\/tourismhr.ca\/wp-content\/uploads\/2025\/07\/2025-juin_EPA_ON-300x148.jpg 300w, https:\/\/tourismhr.ca\/wp-content\/uploads\/2025\/07\/2025-juin_EPA_ON-1024x504.jpg 1024w, https:\/\/tourismhr.ca\/wp-content\/uploads\/2025\/07\/2025-juin_EPA_ON-768x378.jpg 768w\" sizes=\"(max-width: 1197px) 100vw, 1197px\" \/><\/figure>\n\n\n\n<figure class=\"wp-block-image size-full\"><img loading=\"lazy\" decoding=\"async\" width=\"1215\" height=\"600\" src=\"https:\/\/tourismhr.ca\/wp-content\/uploads\/2025\/07\/2025-juin_EPA_QC.jpg\" alt=\"\" class=\"wp-image-49741\" srcset=\"https:\/\/tourismhr.ca\/wp-content\/uploads\/2025\/07\/2025-juin_EPA_QC.jpg 1215w, https:\/\/tourismhr.ca\/wp-content\/uploads\/2025\/07\/2025-juin_EPA_QC-300x148.jpg 300w, https:\/\/tourismhr.ca\/wp-content\/uploads\/2025\/07\/2025-juin_EPA_QC-1024x506.jpg 1024w, https:\/\/tourismhr.ca\/wp-content\/uploads\/2025\/07\/2025-juin_EPA_QC-768x379.jpg 768w\" sizes=\"(max-width: 1215px) 100vw, 1215px\" \/><\/figure>\n\n\n\n<figure class=\"wp-block-image size-full\"><img loading=\"lazy\" decoding=\"async\" width=\"1203\" height=\"627\" src=\"https:\/\/tourismhr.ca\/wp-content\/uploads\/2025\/07\/2025-juin_EPA_SK.jpg\" alt=\"\" class=\"wp-image-49743\" srcset=\"https:\/\/tourismhr.ca\/wp-content\/uploads\/2025\/07\/2025-juin_EPA_SK.jpg 1203w, https:\/\/tourismhr.ca\/wp-content\/uploads\/2025\/07\/2025-juin_EPA_SK-300x156.jpg 300w, https:\/\/tourismhr.ca\/wp-content\/uploads\/2025\/07\/2025-juin_EPA_SK-1024x534.jpg 1024w, https:\/\/tourismhr.ca\/wp-content\/uploads\/2025\/07\/2025-juin_EPA_SK-768x400.jpg 768w\" sizes=\"(max-width: 1203px) 100vw, 1203px\" \/><\/figure>\n\n\n\n<figure class=\"wp-block-image size-full\"><img loading=\"lazy\" decoding=\"async\" width=\"1202\" height=\"598\" src=\"https:\/\/tourismhr.ca\/wp-content\/uploads\/2025\/07\/2025-juin_EPA_TNL_.jpg\" alt=\"\" class=\"wp-image-49747\" srcset=\"https:\/\/tourismhr.ca\/wp-content\/uploads\/2025\/07\/2025-juin_EPA_TNL_.jpg 1202w, https:\/\/tourismhr.ca\/wp-content\/uploads\/2025\/07\/2025-juin_EPA_TNL_-300x149.jpg 300w, https:\/\/tourismhr.ca\/wp-content\/uploads\/2025\/07\/2025-juin_EPA_TNL_-1024x509.jpg 1024w, https:\/\/tourismhr.ca\/wp-content\/uploads\/2025\/07\/2025-juin_EPA_TNL_-768x382.jpg 768w\" sizes=\"(max-width: 1202px) 100vw, 1202px\" \/><\/figure>\n\n\n\n<p><a href=\"https:\/\/tourismhr.ca\/fr\/informations-sur-le-marche-du-travail\/veille-sur-la-main-doeuvre-en-tourisme\/\" target=\"_blank\" rel=\"noreferrer noopener\">Voir notre Veille sur la main-d\u2019main-d\u2019\u0153uvre en tourisme.<\/a><\/p>\n\n\n\n<hr class=\"wp-block-separator aligncenter has-alpha-channel-opacity is-style-wide\"\/>\n\n\n\n<p>&nbsp;<br><br><a href=\"#_ftnref1\" name=\"_ftn1\">[1]<\/a> Selon la d\u00e9finition du Compte satellite du tourisme canadien. Les secteurs associ\u00e9s inclus dans le secteur du tourisme sont ceux qui cesseraient d&rsquo;exister ou qui verraient leur niveau d&rsquo;activit\u00e9 consid\u00e9rablement r\u00e9duit en raison de l&rsquo;absence de tourisme.<\/p>\n\n\n\n<p><a href=\"#_ftnref2\" name=\"_ftn2\">[2]<\/a> SOURCE : Enqu\u00eate sur la population active de Statistique Canada, tableaux personnalis\u00e9s. D&rsquo;apr\u00e8s des donn\u00e9es non d\u00e9saisonnalis\u00e9es recueillies pour la p\u00e9riode du 15 au 21 juin 2025.<\/p>\n","protected":false},"excerpt":{"rendered":"<p>La dynamique se poursuit dans l&#8217;emploi touristique. Malgr\u00e9 les vents contraires de l&rsquo;\u00e9conomie et l&rsquo;incertitude commerciale, la demande touristique int\u00e9rieure est rest\u00e9e forte en juin, permettant au march\u00e9 du travail touristique[1] de maintenir son \u00e9lan amorc\u00e9 en mai. La main-d\u2019\u0153uvre&#8230;<\/p>\n","protected":false},"author":7,"featured_media":49687,"comment_status":"open","ping_status":"open","sticky":false,"template":"","format":"standard","meta":{"_acf_changed":false,"inline_featured_image":false,"footnotes":""},"categories":[463],"tags":[475,476,477],"class_list":["post-49697","post","type-post","status-publish","format-standard","has-post-thumbnail","hentry","category-labour-market-information-fr","tag-apercu-du-marche-du-travail-dans-le-secteur-du-tourisme","tag-enquete-sur-la-population-active","tag-lfs-fr"],"acf":[],"yoast_head":"<!-- This site is optimized with the Yoast SEO plugin v27.5 - https:\/\/yoast.com\/product\/yoast-seo-wordpress\/ -->\n<title>Enqu\u00eate sur la population active : aper\u00e7u de juin 2025 - Tourism HR Canada<\/title>\n<meta name=\"description\" content=\"La demande touristique int\u00e9rieure est rest\u00e9e forte en juin, permettant au march\u00e9 du travail touristique de maintenir son \u00e9lan amorc\u00e9 en mai.\" \/>\n<meta name=\"robots\" content=\"index, follow, max-snippet:-1, max-image-preview:large, max-video-preview:-1\" \/>\n<link rel=\"canonical\" href=\"https:\/\/tourismhr.ca\/fr\/enquete-sur-la-population-active-apercu-de-juin-2025\/\" \/>\n<meta property=\"og:locale\" content=\"fr_FR\" \/>\n<meta property=\"og:type\" content=\"article\" \/>\n<meta property=\"og:title\" content=\"Enqu\u00eate sur la population active : aper\u00e7u de juin 2025 - Tourism HR Canada\" \/>\n<meta property=\"og:description\" content=\"La demande touristique int\u00e9rieure est rest\u00e9e forte en juin, permettant au march\u00e9 du travail touristique de maintenir son \u00e9lan amorc\u00e9 en mai.\" \/>\n<meta property=\"og:url\" content=\"https:\/\/tourismhr.ca\/fr\/enquete-sur-la-population-active-apercu-de-juin-2025\/\" \/>\n<meta property=\"og:site_name\" content=\"Tourism HR Canada\" \/>\n<meta property=\"article:published_time\" content=\"2025-07-24T17:18:47+00:00\" \/>\n<meta property=\"article:modified_time\" content=\"2025-08-12T21:28:31+00:00\" \/>\n<meta property=\"og:image\" content=\"https:\/\/tourismhr.ca\/wp-content\/uploads\/2025\/08\/shutterstock_1971295520_600x400.jpg\" \/>\n\t<meta property=\"og:image:width\" content=\"600\" \/>\n\t<meta property=\"og:image:height\" content=\"400\" \/>\n\t<meta property=\"og:image:type\" content=\"image\/jpeg\" \/>\n<meta name=\"author\" content=\"helder@tourismhr.ca\" \/>\n<meta name=\"twitter:card\" content=\"summary_large_image\" \/>\n<meta name=\"twitter:label1\" content=\"\u00c9crit par\" \/>\n\t<meta name=\"twitter:data1\" content=\"helder@tourismhr.ca\" \/>\n\t<meta name=\"twitter:label2\" content=\"Dur\u00e9e de lecture estim\u00e9e\" \/>\n\t<meta name=\"twitter:data2\" content=\"15 minutes\" \/>\n<script type=\"application\/ld+json\" class=\"yoast-schema-graph\">{\"@context\":\"https:\\\/\\\/schema.org\",\"@graph\":[{\"@type\":\"Article\",\"@id\":\"https:\\\/\\\/tourismhr.ca\\\/fr\\\/enquete-sur-la-population-active-apercu-de-juin-2025\\\/#article\",\"isPartOf\":{\"@id\":\"https:\\\/\\\/tourismhr.ca\\\/fr\\\/enquete-sur-la-population-active-apercu-de-juin-2025\\\/\"},\"author\":{\"name\":\"helder@tourismhr.ca\",\"@id\":\"https:\\\/\\\/tourismhr.ca\\\/fr\\\/#\\\/schema\\\/person\\\/a76347afac215c851922e2b3b2e16c4d\"},\"headline\":\"Enqu\u00eate sur la population active : aper\u00e7u de juin 2025\",\"datePublished\":\"2025-07-24T17:18:47+00:00\",\"dateModified\":\"2025-08-12T21:28:31+00:00\",\"mainEntityOfPage\":{\"@id\":\"https:\\\/\\\/tourismhr.ca\\\/fr\\\/enquete-sur-la-population-active-apercu-de-juin-2025\\\/\"},\"wordCount\":2224,\"commentCount\":0,\"publisher\":{\"@id\":\"https:\\\/\\\/tourismhr.ca\\\/fr\\\/#organization\"},\"image\":{\"@id\":\"https:\\\/\\\/tourismhr.ca\\\/fr\\\/enquete-sur-la-population-active-apercu-de-juin-2025\\\/#primaryimage\"},\"thumbnailUrl\":\"https:\\\/\\\/tourismhr.ca\\\/wp-content\\\/uploads\\\/2025\\\/08\\\/shutterstock_1971295520_600x400.jpg\",\"keywords\":[\"Aper\u00e7u du march\u00e9 du travail dans le secteur du tourisme\",\"Enqu\u00eate sur la population active\",\"LFS\"],\"articleSection\":[\"Informations sur le march\u00e9 du travail\"],\"inLanguage\":\"fr-FR\",\"potentialAction\":[{\"@type\":\"CommentAction\",\"name\":\"Comment\",\"target\":[\"https:\\\/\\\/tourismhr.ca\\\/fr\\\/enquete-sur-la-population-active-apercu-de-juin-2025\\\/#respond\"]}]},{\"@type\":\"WebPage\",\"@id\":\"https:\\\/\\\/tourismhr.ca\\\/fr\\\/enquete-sur-la-population-active-apercu-de-juin-2025\\\/\",\"url\":\"https:\\\/\\\/tourismhr.ca\\\/fr\\\/enquete-sur-la-population-active-apercu-de-juin-2025\\\/\",\"name\":\"Enqu\u00eate sur la population active : aper\u00e7u de juin 2025 - Tourism HR Canada\",\"isPartOf\":{\"@id\":\"https:\\\/\\\/tourismhr.ca\\\/fr\\\/#website\"},\"primaryImageOfPage\":{\"@id\":\"https:\\\/\\\/tourismhr.ca\\\/fr\\\/enquete-sur-la-population-active-apercu-de-juin-2025\\\/#primaryimage\"},\"image\":{\"@id\":\"https:\\\/\\\/tourismhr.ca\\\/fr\\\/enquete-sur-la-population-active-apercu-de-juin-2025\\\/#primaryimage\"},\"thumbnailUrl\":\"https:\\\/\\\/tourismhr.ca\\\/wp-content\\\/uploads\\\/2025\\\/08\\\/shutterstock_1971295520_600x400.jpg\",\"datePublished\":\"2025-07-24T17:18:47+00:00\",\"dateModified\":\"2025-08-12T21:28:31+00:00\",\"description\":\"La demande touristique int\u00e9rieure est rest\u00e9e forte en juin, permettant au march\u00e9 du travail touristique de maintenir son \u00e9lan amorc\u00e9 en mai.\",\"breadcrumb\":{\"@id\":\"https:\\\/\\\/tourismhr.ca\\\/fr\\\/enquete-sur-la-population-active-apercu-de-juin-2025\\\/#breadcrumb\"},\"inLanguage\":\"fr-FR\",\"potentialAction\":[{\"@type\":\"ReadAction\",\"target\":[\"https:\\\/\\\/tourismhr.ca\\\/fr\\\/enquete-sur-la-population-active-apercu-de-juin-2025\\\/\"]}]},{\"@type\":\"ImageObject\",\"inLanguage\":\"fr-FR\",\"@id\":\"https:\\\/\\\/tourismhr.ca\\\/fr\\\/enquete-sur-la-population-active-apercu-de-juin-2025\\\/#primaryimage\",\"url\":\"https:\\\/\\\/tourismhr.ca\\\/wp-content\\\/uploads\\\/2025\\\/08\\\/shutterstock_1971295520_600x400.jpg\",\"contentUrl\":\"https:\\\/\\\/tourismhr.ca\\\/wp-content\\\/uploads\\\/2025\\\/08\\\/shutterstock_1971295520_600x400.jpg\",\"width\":600,\"height\":400,\"caption\":\"In a bistro restaurant, the owner stands at a table while working on her laptop. In the background are assorted liquor bottles on a shelf and a display case with desserts.\"},{\"@type\":\"BreadcrumbList\",\"@id\":\"https:\\\/\\\/tourismhr.ca\\\/fr\\\/enquete-sur-la-population-active-apercu-de-juin-2025\\\/#breadcrumb\",\"itemListElement\":[{\"@type\":\"ListItem\",\"position\":1,\"name\":\"Accueil\",\"item\":\"https:\\\/\\\/tourismhr.ca\\\/fr\\\/accueil\\\/\"},{\"@type\":\"ListItem\",\"position\":2,\"name\":\"Enqu\u00eate sur la population active : aper\u00e7u de juin 2025\"}]},{\"@type\":\"WebSite\",\"@id\":\"https:\\\/\\\/tourismhr.ca\\\/fr\\\/#website\",\"url\":\"https:\\\/\\\/tourismhr.ca\\\/fr\\\/\",\"name\":\"Tourism HR\",\"description\":\"\",\"publisher\":{\"@id\":\"https:\\\/\\\/tourismhr.ca\\\/fr\\\/#organization\"},\"potentialAction\":[{\"@type\":\"SearchAction\",\"target\":{\"@type\":\"EntryPoint\",\"urlTemplate\":\"https:\\\/\\\/tourismhr.ca\\\/fr\\\/?s={search_term_string}\"},\"query-input\":{\"@type\":\"PropertyValueSpecification\",\"valueRequired\":true,\"valueName\":\"search_term_string\"}}],\"inLanguage\":\"fr-FR\"},{\"@type\":\"Organization\",\"@id\":\"https:\\\/\\\/tourismhr.ca\\\/fr\\\/#organization\",\"name\":\"Tourism HR\",\"url\":\"https:\\\/\\\/tourismhr.ca\\\/fr\\\/\",\"logo\":{\"@type\":\"ImageObject\",\"inLanguage\":\"fr-FR\",\"@id\":\"https:\\\/\\\/tourismhr.ca\\\/fr\\\/#\\\/schema\\\/logo\\\/image\\\/\",\"url\":\"https:\\\/\\\/tourismhr.ca\\\/wp-content\\\/uploads\\\/2025\\\/04\\\/logo-tourism-hr.png\",\"contentUrl\":\"https:\\\/\\\/tourismhr.ca\\\/wp-content\\\/uploads\\\/2025\\\/04\\\/logo-tourism-hr.png\",\"width\":413,\"height\":79,\"caption\":\"Tourism HR\"},\"image\":{\"@id\":\"https:\\\/\\\/tourismhr.ca\\\/fr\\\/#\\\/schema\\\/logo\\\/image\\\/\"}},{\"@type\":\"Person\",\"@id\":\"https:\\\/\\\/tourismhr.ca\\\/fr\\\/#\\\/schema\\\/person\\\/a76347afac215c851922e2b3b2e16c4d\",\"name\":\"helder@tourismhr.ca\",\"url\":\"https:\\\/\\\/tourismhr.ca\\\/fr\\\/author\\\/heldertourismhr-ca\\\/\"}]}<\/script>\n<!-- \/ Yoast SEO plugin. -->","yoast_head_json":{"title":"Enqu\u00eate sur la population active : aper\u00e7u de juin 2025 - Tourism HR Canada","description":"La demande touristique int\u00e9rieure est rest\u00e9e forte en juin, permettant au march\u00e9 du travail touristique de maintenir son \u00e9lan amorc\u00e9 en mai.","robots":{"index":"index","follow":"follow","max-snippet":"max-snippet:-1","max-image-preview":"max-image-preview:large","max-video-preview":"max-video-preview:-1"},"canonical":"https:\/\/tourismhr.ca\/fr\/enquete-sur-la-population-active-apercu-de-juin-2025\/","og_locale":"fr_FR","og_type":"article","og_title":"Enqu\u00eate sur la population active : aper\u00e7u de juin 2025 - Tourism HR Canada","og_description":"La demande touristique int\u00e9rieure est rest\u00e9e forte en juin, permettant au march\u00e9 du travail touristique de maintenir son \u00e9lan amorc\u00e9 en mai.","og_url":"https:\/\/tourismhr.ca\/fr\/enquete-sur-la-population-active-apercu-de-juin-2025\/","og_site_name":"Tourism HR Canada","article_published_time":"2025-07-24T17:18:47+00:00","article_modified_time":"2025-08-12T21:28:31+00:00","og_image":[{"width":600,"height":400,"url":"https:\/\/tourismhr.ca\/wp-content\/uploads\/2025\/08\/shutterstock_1971295520_600x400.jpg","type":"image\/jpeg"}],"author":"helder@tourismhr.ca","twitter_card":"summary_large_image","twitter_misc":{"\u00c9crit par":"helder@tourismhr.ca","Dur\u00e9e de lecture estim\u00e9e":"15 minutes"},"schema":{"@context":"https:\/\/schema.org","@graph":[{"@type":"Article","@id":"https:\/\/tourismhr.ca\/fr\/enquete-sur-la-population-active-apercu-de-juin-2025\/#article","isPartOf":{"@id":"https:\/\/tourismhr.ca\/fr\/enquete-sur-la-population-active-apercu-de-juin-2025\/"},"author":{"name":"helder@tourismhr.ca","@id":"https:\/\/tourismhr.ca\/fr\/#\/schema\/person\/a76347afac215c851922e2b3b2e16c4d"},"headline":"Enqu\u00eate sur la population active : aper\u00e7u de juin 2025","datePublished":"2025-07-24T17:18:47+00:00","dateModified":"2025-08-12T21:28:31+00:00","mainEntityOfPage":{"@id":"https:\/\/tourismhr.ca\/fr\/enquete-sur-la-population-active-apercu-de-juin-2025\/"},"wordCount":2224,"commentCount":0,"publisher":{"@id":"https:\/\/tourismhr.ca\/fr\/#organization"},"image":{"@id":"https:\/\/tourismhr.ca\/fr\/enquete-sur-la-population-active-apercu-de-juin-2025\/#primaryimage"},"thumbnailUrl":"https:\/\/tourismhr.ca\/wp-content\/uploads\/2025\/08\/shutterstock_1971295520_600x400.jpg","keywords":["Aper\u00e7u du march\u00e9 du travail dans le secteur du tourisme","Enqu\u00eate sur la population active","LFS"],"articleSection":["Informations sur le march\u00e9 du travail"],"inLanguage":"fr-FR","potentialAction":[{"@type":"CommentAction","name":"Comment","target":["https:\/\/tourismhr.ca\/fr\/enquete-sur-la-population-active-apercu-de-juin-2025\/#respond"]}]},{"@type":"WebPage","@id":"https:\/\/tourismhr.ca\/fr\/enquete-sur-la-population-active-apercu-de-juin-2025\/","url":"https:\/\/tourismhr.ca\/fr\/enquete-sur-la-population-active-apercu-de-juin-2025\/","name":"Enqu\u00eate sur la population active : aper\u00e7u de juin 2025 - Tourism HR Canada","isPartOf":{"@id":"https:\/\/tourismhr.ca\/fr\/#website"},"primaryImageOfPage":{"@id":"https:\/\/tourismhr.ca\/fr\/enquete-sur-la-population-active-apercu-de-juin-2025\/#primaryimage"},"image":{"@id":"https:\/\/tourismhr.ca\/fr\/enquete-sur-la-population-active-apercu-de-juin-2025\/#primaryimage"},"thumbnailUrl":"https:\/\/tourismhr.ca\/wp-content\/uploads\/2025\/08\/shutterstock_1971295520_600x400.jpg","datePublished":"2025-07-24T17:18:47+00:00","dateModified":"2025-08-12T21:28:31+00:00","description":"La demande touristique int\u00e9rieure est rest\u00e9e forte en juin, permettant au march\u00e9 du travail touristique de maintenir son \u00e9lan amorc\u00e9 en mai.","breadcrumb":{"@id":"https:\/\/tourismhr.ca\/fr\/enquete-sur-la-population-active-apercu-de-juin-2025\/#breadcrumb"},"inLanguage":"fr-FR","potentialAction":[{"@type":"ReadAction","target":["https:\/\/tourismhr.ca\/fr\/enquete-sur-la-population-active-apercu-de-juin-2025\/"]}]},{"@type":"ImageObject","inLanguage":"fr-FR","@id":"https:\/\/tourismhr.ca\/fr\/enquete-sur-la-population-active-apercu-de-juin-2025\/#primaryimage","url":"https:\/\/tourismhr.ca\/wp-content\/uploads\/2025\/08\/shutterstock_1971295520_600x400.jpg","contentUrl":"https:\/\/tourismhr.ca\/wp-content\/uploads\/2025\/08\/shutterstock_1971295520_600x400.jpg","width":600,"height":400,"caption":"In a bistro restaurant, the owner stands at a table while working on her laptop. In the background are assorted liquor bottles on a shelf and a display case with desserts."},{"@type":"BreadcrumbList","@id":"https:\/\/tourismhr.ca\/fr\/enquete-sur-la-population-active-apercu-de-juin-2025\/#breadcrumb","itemListElement":[{"@type":"ListItem","position":1,"name":"Accueil","item":"https:\/\/tourismhr.ca\/fr\/accueil\/"},{"@type":"ListItem","position":2,"name":"Enqu\u00eate sur la population active : aper\u00e7u de juin 2025"}]},{"@type":"WebSite","@id":"https:\/\/tourismhr.ca\/fr\/#website","url":"https:\/\/tourismhr.ca\/fr\/","name":"Tourism HR","description":"","publisher":{"@id":"https:\/\/tourismhr.ca\/fr\/#organization"},"potentialAction":[{"@type":"SearchAction","target":{"@type":"EntryPoint","urlTemplate":"https:\/\/tourismhr.ca\/fr\/?s={search_term_string}"},"query-input":{"@type":"PropertyValueSpecification","valueRequired":true,"valueName":"search_term_string"}}],"inLanguage":"fr-FR"},{"@type":"Organization","@id":"https:\/\/tourismhr.ca\/fr\/#organization","name":"Tourism HR","url":"https:\/\/tourismhr.ca\/fr\/","logo":{"@type":"ImageObject","inLanguage":"fr-FR","@id":"https:\/\/tourismhr.ca\/fr\/#\/schema\/logo\/image\/","url":"https:\/\/tourismhr.ca\/wp-content\/uploads\/2025\/04\/logo-tourism-hr.png","contentUrl":"https:\/\/tourismhr.ca\/wp-content\/uploads\/2025\/04\/logo-tourism-hr.png","width":413,"height":79,"caption":"Tourism HR"},"image":{"@id":"https:\/\/tourismhr.ca\/fr\/#\/schema\/logo\/image\/"}},{"@type":"Person","@id":"https:\/\/tourismhr.ca\/fr\/#\/schema\/person\/a76347afac215c851922e2b3b2e16c4d","name":"helder@tourismhr.ca","url":"https:\/\/tourismhr.ca\/fr\/author\/heldertourismhr-ca\/"}]}},"_links":{"self":[{"href":"https:\/\/tourismhr.ca\/fr\/wp-json\/wp\/v2\/posts\/49697","targetHints":{"allow":["GET"]}}],"collection":[{"href":"https:\/\/tourismhr.ca\/fr\/wp-json\/wp\/v2\/posts"}],"about":[{"href":"https:\/\/tourismhr.ca\/fr\/wp-json\/wp\/v2\/types\/post"}],"author":[{"embeddable":true,"href":"https:\/\/tourismhr.ca\/fr\/wp-json\/wp\/v2\/users\/7"}],"replies":[{"embeddable":true,"href":"https:\/\/tourismhr.ca\/fr\/wp-json\/wp\/v2\/comments?post=49697"}],"version-history":[{"count":0,"href":"https:\/\/tourismhr.ca\/fr\/wp-json\/wp\/v2\/posts\/49697\/revisions"}],"wp:featuredmedia":[{"embeddable":true,"href":"https:\/\/tourismhr.ca\/fr\/wp-json\/wp\/v2\/media\/49687"}],"wp:attachment":[{"href":"https:\/\/tourismhr.ca\/fr\/wp-json\/wp\/v2\/media?parent=49697"}],"wp:term":[{"taxonomy":"category","embeddable":true,"href":"https:\/\/tourismhr.ca\/fr\/wp-json\/wp\/v2\/categories?post=49697"},{"taxonomy":"post_tag","embeddable":true,"href":"https:\/\/tourismhr.ca\/fr\/wp-json\/wp\/v2\/tags?post=49697"}],"curies":[{"name":"wp","href":"https:\/\/api.w.org\/{rel}","templated":true}]}}